{"id":9603,"date":"2026-03-11T12:18:03","date_gmt":"2026-03-11T09:18:03","guid":{"rendered":"https:\/\/masfed.com.tr\/?p=9603"},"modified":"2026-03-11T12:24:36","modified_gmt":"2026-03-11T09:24:36","slug":"genel-baskanimiz-aydin-erkoc-uksad-iftar-programina-katildi","status":"publish","type":"post","link":"https:\/\/masfed.com.tr\/?p=9603","title":{"rendered":"Genel Ba\u015fkan\u0131m\u0131z Ayd\u0131n Erko\u00e7, \u00dcKSAD \u0130ftar Program\u0131na Kat\u0131ld\u0131"},"content":{"rendered":"<p data-start=\"102\" data-end=\"363\"><strong data-start=\"102\" data-end=\"363\">Genel Ba\u015fkan\u0131m\u0131z Say\u0131n Ayd\u0131n Erko\u00e7, Genel Sekreterimiz Say\u0131n Niyazi Berkta\u015f ve Y\u00f6netim Kurulu \u00dcyelerimiz Say\u0131n Tayfun Erden ile Say\u0131n Mustafa K\u0131z\u0131lbeyli, \u00dcKSAD \u2013 \u00dcretime Katma De\u011fer Sa\u011flayanlar Derne\u011fi taraf\u0131ndan d\u00fczenlenen iftar program\u0131na kat\u0131l\u0131m sa\u011flad\u0131.<\/strong><\/p>\n<p data-start=\"365\" data-end=\"557\">Ger\u00e7ekle\u015ftirilen programa; Eski Ekonomi Bakan\u0131, AK Parti Genel Ba\u015fkan Yard\u0131mc\u0131s\u0131 ve Ekonomi \u0130\u015fleri Ba\u015fkan\u0131 Say\u0131n Nihat Zeybekci ile M\u00dcS\u0130AD Eski Genel Ba\u015fkan\u0131 Say\u0131n \u0130lhan Erdal da i\u015ftirak etti.<\/p>\n<p data-start=\"559\" data-end=\"701\">\u0130ftar program\u0131nda kat\u0131l\u0131mc\u0131larla bir araya gelinerek sekt\u00f6rler aras\u0131 i\u015f birli\u011fi, \u00fcretim ve ekonomi ba\u015fl\u0131klar\u0131nda de\u011ferlendirmelerde bulunuldu.<\/p>\n<p data-start=\"703\" data-end=\"858\">Nazik davetleri ve misafirperverlikleri dolay\u0131s\u0131yla \u00dcKSAD Ba\u015fkan\u0131 Say\u0131n Levent K\u0131rba\u015f ba\u015fta olmak \u00fczere de\u011ferli y\u00f6netim kurulu \u00fcyelerine te\u015fekk\u00fcr ediyoruz.<\/p>\n<style>\/*! elementor - v3.17.0 - 25-10-2023 *\/<br \/>\n.elementor-widget-image{text-align:center}.elementor-widget-image a{display:inline-block}.elementor-widget-image a img[src$=\".svg\"]{width:48px}.elementor-widget-image img{vertical-align:middle;display:inline-block}<\/style>\n<p><img decoding=\"async\" loading=\"lazy\" src=\"https:\/\/masfed.com.tr\/wp-content\/uploads\/2026\/03\/ift1-400x280.jpeg\" alt=\"\" width=\"400\" height=\"280\"><br \/>\n<img decoding=\"async\" loading=\"lazy\" src=\"https:\/\/masfed.com.tr\/wp-content\/uploads\/2026\/03\/ift-400x280.jpeg\" alt=\"\" width=\"400\" height=\"280\"><\/p>\n<style>\/*! elementor - v3.17.0 - 25-10-2023 *\/<br \/>\n.elementor-widget-divider{--divider-border-style:none;--divider-border-width:1px;--divider-color:#0c0d0e;--divider-icon-size:20px;--divider-element-spacing:10px;--divider-pattern-height:24px;--divider-pattern-size:20px;--divider-pattern-url:none;--divider-pattern-repeat:repeat-x}.elementor-widget-divider .elementor-divider{display:flex}.elementor-widget-divider .elementor-divider__text{font-size:15px;line-height:1;max-width:95%}.elementor-widget-divider .elementor-divider__element{margin:0 var(--divider-element-spacing);flex-shrink:0}.elementor-widget-divider .elementor-icon{font-size:var(--divider-icon-size)}.elementor-widget-divider .elementor-divider-separator{display:flex;margin:0;direction:ltr}.elementor-widget-divider--view-line_icon .elementor-divider-separator,.elementor-widget-divider--view-line_text .elementor-divider-separator{align-items:center}.elementor-widget-divider--view-line_icon .elementor-divider-separator:after,.elementor-widget-divider--view-line_icon .elementor-divider-separator:before,.elementor-widget-divider--view-line_text .elementor-divider-separator:after,.elementor-widget-divider--view-line_text .elementor-divider-separator:before{display:block;content:\"\";border-bottom:0;flex-grow:1;border-top:var(--divider-border-width) var(--divider-border-style) var(--divider-color)}.elementor-widget-divider--element-align-left .elementor-divider .elementor-divider-separator>.elementor-divider__svg:first-of-type{flex-grow:0;flex-shrink:100}.elementor-widget-divider--element-align-left .elementor-divider-separator:before{content:none}.elementor-widget-divider--element-align-left .elementor-divider__element{margin-left:0}.elementor-widget-divider--element-align-right .elementor-divider .elementor-divider-separator>.elementor-divider__svg:last-of-type{flex-grow:0;flex-shrink:100}.elementor-widget-divider--element-align-right .elementor-divider-separator:after{content:none}.elementor-widget-divider--element-align-right .elementor-divider__element{margin-right:0}.elementor-widget-divider:not(.elementor-widget-divider--view-line_text):not(.elementor-widget-divider--view-line_icon) .elementor-divider-separator{border-top:var(--divider-border-width) var(--divider-border-style) var(--divider-color)}.elementor-widget-divider--separator-type-pattern{--divider-border-style:none}.elementor-widget-divider--separator-type-pattern.elementor-widget-divider--view-line .elementor-divider-separator,.elementor-widget-divider--separator-type-pattern:not(.elementor-widget-divider--view-line) .elementor-divider-separator:after,.elementor-widget-divider--separator-type-pattern:not(.elementor-widget-divider--view-line) .elementor-divider-separator:before,.elementor-widget-divider--separator-type-pattern:not([class*=elementor-widget-divider--view]) .elementor-divider-separator{width:100%;min-height:var(--divider-pattern-height);-webkit-mask-size:var(--divider-pattern-size) 100%;mask-size:var(--divider-pattern-size) 100%;-webkit-mask-repeat:var(--divider-pattern-repeat);mask-repeat:var(--divider-pattern-repeat);background-color:var(--divider-color);-webkit-mask-image:var(--divider-pattern-url);mask-image:var(--divider-pattern-url)}.elementor-widget-divider--no-spacing{--divider-pattern-size:auto}.elementor-widget-divider--bg-round{--divider-pattern-repeat:round}.rtl .elementor-widget-divider .elementor-divider__text{direction:rtl}.e-con-inner>.elementor-widget-divider,.e-con>.elementor-widget-divider{width:var(--container-widget-width,100%);--flex-grow:var(--container-widget-flex-grow)}<\/style>\n<p><img decoding=\"async\" loading=\"lazy\" src=\"https:\/\/masfed.com.tr\/wp-content\/uploads\/2026\/03\/ift2-1024x768.jpeg\" sizes=\"(max-width: 640px) 100vw, 640px\" srcset=\"https:\/\/masfed.com.tr\/wp-content\/uploads\/2026\/03\/ift2-1024x768.jpeg 1024w, https:\/\/masfed.com.tr\/wp-content\/uploads\/2026\/03\/ift2-300x225.jpeg 300w, https:\/\/masfed.com.tr\/wp-content\/uploads\/2026\/03\/ift2-768x576.jpeg 768w, https:\/\/masfed.com.tr\/wp-content\/uploads\/2026\/03\/ift2-1536x1152.jpeg 1536w, https:\/\/masfed.com.tr\/wp-content\/uploads\/2026\/03\/ift2-2048x1536.jpeg 2048w\" alt=\"\" width=\"640\" height=\"480\"><\/p>\n","protected":false},"excerpt":{"rendered":"<p>Genel Ba\u015fkan\u0131m\u0131z Say\u0131n Ayd\u0131n Erko\u00e7, Genel Sekreterimiz Say\u0131n Niyazi Berkta\u015f ve Y\u00f6netim Kurulu \u00dcyelerimiz Say\u0131n Tayfun Erden ile Say\u0131n Mustafa K\u0131z\u0131lbeyli, \u00dcKSAD \u2013 \u00dcretime Katma De\u011fer Sa\u011flayanlar Derne\u011fi taraf\u0131ndan d\u00fczenlenen iftar program\u0131na kat\u0131l\u0131m sa\u011flad\u0131. Ger\u00e7ekle\u015ftirilen programa; Eski Ekonomi Bakan\u0131, AK Parti Genel Ba\u015fkan Yard\u0131mc\u0131s\u0131 ve Ekonomi \u0130\u015fleri Ba\u015fkan\u0131 Say\u0131n Nihat Zeybekci ile M\u00dcS\u0130AD Eski Genel [&hellip;]<\/p>\n","protected":false},"author":1,"featured_media":9604,"comment_status":"open","ping_status":"open","sticky":false,"template":"","format":"standard","meta":{"ngg_post_thumbnail":0},"categories":[1],"tags":[],"yoast_head":"<!-- This site is optimized with the Yoast SEO plugin v21.6 - https:\/\/yoast.com\/wordpress\/plugins\/seo\/ -->\n<title>Genel Ba\u015fkan\u0131m\u0131z Ayd\u0131n Erko\u00e7, \u00dcKSAD \u0130ftar Program\u0131na Kat\u0131ld\u0131 - Motorlu Ara\u00e7 Sat\u0131c\u0131lar\u0131 Federasyonu MASFED<\/title>\n<meta name=\"robots\" content=\"index, follow, max-snippet:-1, max-image-preview:large, max-video-preview:-1\" \/>\n<link rel=\"canonical\" href=\"https:\/\/masfed.com.tr\/?p=9603\" \/>\n<meta property=\"og:locale\" content=\"tr_TR\" \/>\n<meta property=\"og:type\" content=\"article\" \/>\n<meta property=\"og:title\" content=\"Genel Ba\u015fkan\u0131m\u0131z Ayd\u0131n Erko\u00e7, \u00dcKSAD \u0130ftar Program\u0131na Kat\u0131ld\u0131 - Motorlu Ara\u00e7 Sat\u0131c\u0131lar\u0131 Federasyonu MASFED\" \/>\n<meta property=\"og:description\" content=\"Genel Ba\u015fkan\u0131m\u0131z Say\u0131n Ayd\u0131n Erko\u00e7, Genel Sekreterimiz Say\u0131n Niyazi Berkta\u015f ve Y\u00f6netim Kurulu \u00dcyelerimiz Say\u0131n Tayfun Erden ile Say\u0131n Mustafa K\u0131z\u0131lbeyli, \u00dcKSAD \u2013 \u00dcretime Katma De\u011fer Sa\u011flayanlar Derne\u011fi taraf\u0131ndan d\u00fczenlenen iftar program\u0131na kat\u0131l\u0131m sa\u011flad\u0131. Ger\u00e7ekle\u015ftirilen programa; Eski Ekonomi Bakan\u0131, AK Parti Genel Ba\u015fkan Yard\u0131mc\u0131s\u0131 ve Ekonomi \u0130\u015fleri Ba\u015fkan\u0131 Say\u0131n Nihat Zeybekci ile M\u00dcS\u0130AD Eski Genel [&hellip;]\" \/>\n<meta property=\"og:url\" content=\"https:\/\/masfed.com.tr\/?p=9603\" \/>\n<meta property=\"og:site_name\" content=\"Motorlu Ara\u00e7 Sat\u0131c\u0131lar\u0131 Federasyonu MASFED\" \/>\n<meta property=\"article:publisher\" content=\"https:\/\/www.facebook.com\/MASFED2010\/\" \/>\n<meta property=\"article:published_time\" content=\"2026-03-11T09:18:03+00:00\" \/>\n<meta property=\"article:modified_time\" content=\"2026-03-11T09:24:36+00:00\" \/>\n<meta property=\"og:image\" content=\"https:\/\/masfed.com.tr\/wp-content\/uploads\/2026\/03\/ift-scaled.jpeg\" \/>\n\t<meta property=\"og:image:width\" content=\"1920\" \/>\n\t<meta property=\"og:image:height\" content=\"2560\" \/>\n\t<meta property=\"og:image:type\" content=\"image\/jpeg\" \/>\n<meta name=\"author\" content=\"wpadmin\" \/>\n<meta name=\"twitter:card\" content=\"summary_large_image\" \/>\n<meta name=\"twitter:creator\" content=\"@Masfed2010\" \/>\n<meta name=\"twitter:site\" content=\"@Masfed2010\" \/>\n<meta name=\"twitter:label1\" content=\"Yazan:\" \/>\n\t<meta name=\"twitter:data1\" content=\"wpadmin\" \/>\n\t<meta name=\"twitter:label2\" content=\"Tahmini okuma s\u00fcresi\" \/>\n\t<meta name=\"twitter:data2\" content=\"2 dakika\" \/>\n<script type=\"application\/ld+json\" class=\"yoast-schema-graph\">{\"@context\":\"https:\/\/schema.org\",\"@graph\":[{\"@type\":\"Article\",\"@id\":\"https:\/\/masfed.com.tr\/?p=9603#article\",\"isPartOf\":{\"@id\":\"https:\/\/masfed.com.tr\/?p=9603\"},\"author\":{\"name\":\"wpadmin\",\"@id\":\"https:\/\/masfed.com.tr\/#\/schema\/person\/1880cff73f6d4903b879619c8acb45c0\"},\"headline\":\"Genel Ba\u015fkan\u0131m\u0131z Ayd\u0131n Erko\u00e7, \u00dcKSAD \u0130ftar Program\u0131na Kat\u0131ld\u0131\",\"datePublished\":\"2026-03-11T09:18:03+00:00\",\"dateModified\":\"2026-03-11T09:24:36+00:00\",\"mainEntityOfPage\":{\"@id\":\"https:\/\/masfed.com.tr\/?p=9603\"},\"wordCount\":162,\"commentCount\":0,\"publisher\":{\"@id\":\"https:\/\/masfed.com.tr\/#organization\"},\"articleSection\":[\"Haberler\"],\"inLanguage\":\"tr\",\"potentialAction\":[{\"@type\":\"CommentAction\",\"name\":\"Comment\",\"target\":[\"https:\/\/masfed.com.tr\/?p=9603#respond\"]}]},{\"@type\":\"WebPage\",\"@id\":\"https:\/\/masfed.com.tr\/?p=9603\",\"url\":\"https:\/\/masfed.com.tr\/?p=9603\",\"name\":\"Genel Ba\u015fkan\u0131m\u0131z Ayd\u0131n Erko\u00e7, \u00dcKSAD \u0130ftar Program\u0131na Kat\u0131ld\u0131 - Motorlu Ara\u00e7 Sat\u0131c\u0131lar\u0131 Federasyonu MASFED\",\"isPartOf\":{\"@id\":\"https:\/\/masfed.com.tr\/#website\"},\"datePublished\":\"2026-03-11T09:18:03+00:00\",\"dateModified\":\"2026-03-11T09:24:36+00:00\",\"breadcrumb\":{\"@id\":\"https:\/\/masfed.com.tr\/?p=9603#breadcrumb\"},\"inLanguage\":\"tr\",\"potentialAction\":[{\"@type\":\"ReadAction\",\"target\":[\"https:\/\/masfed.com.tr\/?p=9603\"]}]},{\"@type\":\"BreadcrumbList\",\"@id\":\"https:\/\/masfed.com.tr\/?p=9603#breadcrumb\",\"itemListElement\":[{\"@type\":\"ListItem\",\"position\":1,\"name\":\"Anasayfa\",\"item\":\"https:\/\/masfed.com.tr\/\"},{\"@type\":\"ListItem\",\"position\":2,\"name\":\"Genel Ba\u015fkan\u0131m\u0131z Ayd\u0131n Erko\u00e7, \u00dcKSAD \u0130ftar Program\u0131na Kat\u0131ld\u0131\"}]},{\"@type\":\"WebSite\",\"@id\":\"https:\/\/masfed.com.tr\/#website\",\"url\":\"https:\/\/masfed.com.tr\/\",\"name\":\"Motorlu Ara\u00e7 Sat\u0131c\u0131lar\u0131 Federasyonu MASFED\",\"description\":\"\u0130K\u0130NC\u0130 EL OTOMOB\u0130L ALIM-SATIMI YAPAN \u0130K\u0130NC\u0130 EL MOTORLU ARA\u00c7 SATICI KURULU\u015eLARININ TOPLUMUMUZDA VE EKONOM\u0130K FAAL\u0130YETLER\u0130M\u0130ZDE TA\u015eIDI\u011eI \u00d6NEM\u0130N B\u0130L\u0130NC\u0130 \u0130LE MASFED OLARAK \u00dcLKEM\u0130Z, EKONOM\u0130M\u0130Z VE SEKT\u00d6R\u00dcM\u00dcZ \u0130\u00c7\u0130N GEREKL\u0130 OLAN T\u00dcM \u0130MKANLARIMIZ \u0130LE \u00c7ALI\u015eMALARIMIZI, DE\u011eERL\u0130 \u00dcYELER\u0130M\u0130Z\u0130N DE KATILIMLARI \u0130LE S\u00dcRD\u00dcRMEKTEY\u0130Z.\",\"publisher\":{\"@id\":\"https:\/\/masfed.com.tr\/#organization\"},\"potentialAction\":[{\"@type\":\"SearchAction\",\"target\":{\"@type\":\"EntryPoint\",\"urlTemplate\":\"https:\/\/masfed.com.tr\/?s={search_term_string}\"},\"query-input\":\"required name=search_term_string\"}],\"inLanguage\":\"tr\"},{\"@type\":\"Organization\",\"@id\":\"https:\/\/masfed.com.tr\/#organization\",\"name\":\"Motorlu Ara\u00e7 Sat\u0131c\u0131lar\u0131 Federasyonu MASFED\",\"url\":\"https:\/\/masfed.com.tr\/\",\"logo\":{\"@type\":\"ImageObject\",\"inLanguage\":\"tr\",\"@id\":\"https:\/\/masfed.com.tr\/#\/schema\/logo\/image\/\",\"url\":\"https:\/\/masfed.com.tr\/wp-content\/uploads\/2022\/06\/Logo-1.png\",\"contentUrl\":\"https:\/\/masfed.com.tr\/wp-content\/uploads\/2022\/06\/Logo-1.png\",\"width\":863,\"height\":253,\"caption\":\"Motorlu Ara\u00e7 Sat\u0131c\u0131lar\u0131 Federasyonu MASFED\"},\"image\":{\"@id\":\"https:\/\/masfed.com.tr\/#\/schema\/logo\/image\/\"},\"sameAs\":[\"https:\/\/www.facebook.com\/MASFED2010\/\",\"https:\/\/twitter.com\/Masfed2010\",\"https:\/\/www.instagram.com\/masfed.tr\/\",\"https:\/\/www.youtube.com\/channel\/UCOtDLDga6aa9woc5Yk8Rdig\"]},{\"@type\":\"Person\",\"@id\":\"https:\/\/masfed.com.tr\/#\/schema\/person\/1880cff73f6d4903b879619c8acb45c0\",\"name\":\"wpadmin\",\"image\":{\"@type\":\"ImageObject\",\"inLanguage\":\"tr\",\"@id\":\"https:\/\/masfed.com.tr\/#\/schema\/person\/image\/\",\"url\":\"https:\/\/secure.gravatar.com\/avatar\/0f5b0f62a9a2f7c700e5dd98e232f878?s=96&d=mm&r=g\",\"contentUrl\":\"https:\/\/secure.gravatar.com\/avatar\/0f5b0f62a9a2f7c700e5dd98e232f878?s=96&d=mm&r=g\",\"caption\":\"wpadmin\"},\"sameAs\":[\"https:\/\/masfed.com.tr\"],\"url\":\"https:\/\/masfed.com.tr\/?author=1\"}]}<\/script>\n<!-- \/ Yoast SEO plugin. -->","yoast_head_json":{"title":"Genel Ba\u015fkan\u0131m\u0131z Ayd\u0131n Erko\u00e7, \u00dcKSAD \u0130ftar Program\u0131na Kat\u0131ld\u0131 - Motorlu Ara\u00e7 Sat\u0131c\u0131lar\u0131 Federasyonu MASFED","robots":{"index":"index","follow":"follow","max-snippet":"max-snippet:-1","max-image-preview":"max-image-preview:large","max-video-preview":"max-video-preview:-1"},"canonical":"https:\/\/masfed.com.tr\/?p=9603","og_locale":"tr_TR","og_type":"article","og_title":"Genel Ba\u015fkan\u0131m\u0131z Ayd\u0131n Erko\u00e7, \u00dcKSAD \u0130ftar Program\u0131na Kat\u0131ld\u0131 - Motorlu Ara\u00e7 Sat\u0131c\u0131lar\u0131 Federasyonu MASFED","og_description":"Genel Ba\u015fkan\u0131m\u0131z Say\u0131n Ayd\u0131n Erko\u00e7, Genel Sekreterimiz Say\u0131n Niyazi Berkta\u015f ve Y\u00f6netim Kurulu \u00dcyelerimiz Say\u0131n Tayfun Erden ile Say\u0131n Mustafa K\u0131z\u0131lbeyli, \u00dcKSAD \u2013 \u00dcretime Katma De\u011fer Sa\u011flayanlar Derne\u011fi taraf\u0131ndan d\u00fczenlenen iftar program\u0131na kat\u0131l\u0131m sa\u011flad\u0131. Ger\u00e7ekle\u015ftirilen programa; Eski Ekonomi Bakan\u0131, AK Parti Genel Ba\u015fkan Yard\u0131mc\u0131s\u0131 ve Ekonomi \u0130\u015fleri Ba\u015fkan\u0131 Say\u0131n Nihat Zeybekci ile M\u00dcS\u0130AD Eski Genel [&hellip;]","og_url":"https:\/\/masfed.com.tr\/?p=9603","og_site_name":"Motorlu Ara\u00e7 Sat\u0131c\u0131lar\u0131 Federasyonu MASFED","article_publisher":"https:\/\/www.facebook.com\/MASFED2010\/","article_published_time":"2026-03-11T09:18:03+00:00","article_modified_time":"2026-03-11T09:24:36+00:00","og_image":[{"width":1920,"height":2560,"url":"https:\/\/masfed.com.tr\/wp-content\/uploads\/2026\/03\/ift-scaled.jpeg","type":"image\/jpeg"}],"author":"wpadmin","twitter_card":"summary_large_image","twitter_creator":"@Masfed2010","twitter_site":"@Masfed2010","twitter_misc":{"Yazan:":"wpadmin","Tahmini okuma s\u00fcresi":"2 dakika"},"schema":{"@context":"https:\/\/schema.org","@graph":[{"@type":"Article","@id":"https:\/\/masfed.com.tr\/?p=9603#article","isPartOf":{"@id":"https:\/\/masfed.com.tr\/?p=9603"},"author":{"name":"wpadmin","@id":"https:\/\/masfed.com.tr\/#\/schema\/person\/1880cff73f6d4903b879619c8acb45c0"},"headline":"Genel Ba\u015fkan\u0131m\u0131z Ayd\u0131n Erko\u00e7, \u00dcKSAD \u0130ftar Program\u0131na Kat\u0131ld\u0131","datePublished":"2026-03-11T09:18:03+00:00","dateModified":"2026-03-11T09:24:36+00:00","mainEntityOfPage":{"@id":"https:\/\/masfed.com.tr\/?p=9603"},"wordCount":162,"commentCount":0,"publisher":{"@id":"https:\/\/masfed.com.tr\/#organization"},"articleSection":["Haberler"],"inLanguage":"tr","potentialAction":[{"@type":"CommentAction","name":"Comment","target":["https:\/\/masfed.com.tr\/?p=9603#respond"]}]},{"@type":"WebPage","@id":"https:\/\/masfed.com.tr\/?p=9603","url":"https:\/\/masfed.com.tr\/?p=9603","name":"Genel Ba\u015fkan\u0131m\u0131z Ayd\u0131n Erko\u00e7, \u00dcKSAD \u0130ftar Program\u0131na Kat\u0131ld\u0131 - Motorlu Ara\u00e7 Sat\u0131c\u0131lar\u0131 Federasyonu MASFED","isPartOf":{"@id":"https:\/\/masfed.com.tr\/#website"},"datePublished":"2026-03-11T09:18:03+00:00","dateModified":"2026-03-11T09:24:36+00:00","breadcrumb":{"@id":"https:\/\/masfed.com.tr\/?p=9603#breadcrumb"},"inLanguage":"tr","potentialAction":[{"@type":"ReadAction","target":["https:\/\/masfed.com.tr\/?p=9603"]}]},{"@type":"BreadcrumbList","@id":"https:\/\/masfed.com.tr\/?p=9603#breadcrumb","itemListElement":[{"@type":"ListItem","position":1,"name":"Anasayfa","item":"https:\/\/masfed.com.tr\/"},{"@type":"ListItem","position":2,"name":"Genel Ba\u015fkan\u0131m\u0131z Ayd\u0131n Erko\u00e7, \u00dcKSAD \u0130ftar Program\u0131na Kat\u0131ld\u0131"}]},{"@type":"WebSite","@id":"https:\/\/masfed.com.tr\/#website","url":"https:\/\/masfed.com.tr\/","name":"Motorlu Ara\u00e7 Sat\u0131c\u0131lar\u0131 Federasyonu MASFED","description":"\u0130K\u0130NC\u0130 EL OTOMOB\u0130L ALIM-SATIMI YAPAN \u0130K\u0130NC\u0130 EL MOTORLU ARA\u00c7 SATICI KURULU\u015eLARININ TOPLUMUMUZDA VE EKONOM\u0130K FAAL\u0130YETLER\u0130M\u0130ZDE TA\u015eIDI\u011eI \u00d6NEM\u0130N B\u0130L\u0130NC\u0130 \u0130LE MASFED OLARAK \u00dcLKEM\u0130Z, EKONOM\u0130M\u0130Z VE SEKT\u00d6R\u00dcM\u00dcZ \u0130\u00c7\u0130N GEREKL\u0130 OLAN T\u00dcM \u0130MKANLARIMIZ \u0130LE \u00c7ALI\u015eMALARIMIZI, DE\u011eERL\u0130 \u00dcYELER\u0130M\u0130Z\u0130N DE KATILIMLARI \u0130LE S\u00dcRD\u00dcRMEKTEY\u0130Z.","publisher":{"@id":"https:\/\/masfed.com.tr\/#organization"},"potentialAction":[{"@type":"SearchAction","target":{"@type":"EntryPoint","urlTemplate":"https:\/\/masfed.com.tr\/?s={search_term_string}"},"query-input":"required name=search_term_string"}],"inLanguage":"tr"},{"@type":"Organization","@id":"https:\/\/masfed.com.tr\/#organization","name":"Motorlu Ara\u00e7 Sat\u0131c\u0131lar\u0131 Federasyonu MASFED","url":"https:\/\/masfed.com.tr\/","logo":{"@type":"ImageObject","inLanguage":"tr","@id":"https:\/\/masfed.com.tr\/#\/schema\/logo\/image\/","url":"https:\/\/masfed.com.tr\/wp-content\/uploads\/2022\/06\/Logo-1.png","contentUrl":"https:\/\/masfed.com.tr\/wp-content\/uploads\/2022\/06\/Logo-1.png","width":863,"height":253,"caption":"Motorlu Ara\u00e7 Sat\u0131c\u0131lar\u0131 Federasyonu MASFED"},"image":{"@id":"https:\/\/masfed.com.tr\/#\/schema\/logo\/image\/"},"sameAs":["https:\/\/www.facebook.com\/MASFED2010\/","https:\/\/twitter.com\/Masfed2010","https:\/\/www.instagram.com\/masfed.tr\/","https:\/\/www.youtube.com\/channel\/UCOtDLDga6aa9woc5Yk8Rdig"]},{"@type":"Person","@id":"https:\/\/masfed.com.tr\/#\/schema\/person\/1880cff73f6d4903b879619c8acb45c0","name":"wpadmin","image":{"@type":"ImageObject","inLanguage":"tr","@id":"https:\/\/masfed.com.tr\/#\/schema\/person\/image\/","url":"https:\/\/secure.gravatar.com\/avatar\/0f5b0f62a9a2f7c700e5dd98e232f878?s=96&d=mm&r=g","contentUrl":"https:\/\/secure.gravatar.com\/avatar\/0f5b0f62a9a2f7c700e5dd98e232f878?s=96&d=mm&r=g","caption":"wpadmin"},"sameAs":["https:\/\/masfed.com.tr"],"url":"https:\/\/masfed.com.tr\/?author=1"}]}},"_links":{"self":[{"href":"https:\/\/masfed.com.tr\/index.php?rest_route=\/wp\/v2\/posts\/9603"}],"collection":[{"href":"https:\/\/masfed.com.tr\/index.php?rest_route=\/wp\/v2\/posts"}],"about":[{"href":"https:\/\/masfed.com.tr\/index.php?rest_route=\/wp\/v2\/types\/post"}],"author":[{"embeddable":true,"href":"https:\/\/masfed.com.tr\/index.php?rest_route=\/wp\/v2\/users\/1"}],"replies":[{"embeddable":true,"href":"https:\/\/masfed.com.tr\/index.php?rest_route=%2Fwp%2Fv2%2Fcomments&post=9603"}],"version-history":[{"count":5,"href":"https:\/\/masfed.com.tr\/index.php?rest_route=\/wp\/v2\/posts\/9603\/revisions"}],"predecessor-version":[{"id":9611,"href":"https:\/\/masfed.com.tr\/index.php?rest_route=\/wp\/v2\/posts\/9603\/revisions\/9611"}],"wp:featuredmedia":[{"embeddable":true,"href":"https:\/\/masfed.com.tr\/index.php?rest_route=\/wp\/v2\/media\/9604"}],"wp:attachment":[{"href":"https:\/\/masfed.com.tr\/index.php?rest_route=%2Fwp%2Fv2%2Fmedia&parent=9603"}],"wp:term":[{"taxonomy":"category","embeddable":true,"href":"https:\/\/masfed.com.tr\/index.php?rest_route=%2Fwp%2Fv2%2Fcategories&post=9603"},{"taxonomy":"post_tag","embeddable":true,"href":"https:\/\/masfed.com.tr\/index.php?rest_route=%2Fwp%2Fv2%2Ftags&post=9603"}],"curies":[{"name":"wp","href":"https:\/\/api.w.org\/{rel}","templated":true}]}}