{"id":9613,"date":"2026-03-12T13:26:53","date_gmt":"2026-03-12T10:26:53","guid":{"rendered":"https:\/\/masfed.com.tr\/?p=9613"},"modified":"2026-03-12T13:26:57","modified_gmt":"2026-03-12T10:26:57","slug":"kuzey-ankara-is-insanlari-derneginden-genel-baskanimiz-aydin-erkoca-anlamli-odul","status":"publish","type":"post","link":"https:\/\/masfed.com.tr\/?p=9613","title":{"rendered":"Kuzey Ankara \u0130\u015f \u0130nsanlar\u0131 Derne\u011fi\u2019nden Genel Ba\u015fkan\u0131m\u0131z Ayd\u0131n Erko\u00e7\u2019a Anlaml\u0131 \u00d6d\u00fcl"},"content":{"rendered":"\t\t<div data-elementor-type=\"wp-post\" data-elementor-id=\"9613\" class=\"elementor elementor-9613\">\n\t\t\t\t\t\t<div class=\"elementor-inner\">\n\t\t\t\t<div class=\"elementor-section-wrap\">\n\t\t\t\t\t\t\t\t\t<section class=\"has_eae_slider elementor-section elementor-top-section elementor-element elementor-element-128d0ed elementor-section-boxed elementor-section-height-default elementor-section-height-default\" data-id=\"128d0ed\" data-element_type=\"section\">\n\t\t\t\t\t\t<div class=\"elementor-container elementor-column-gap-default\">\n\t\t\t\t\t\t\t<div class=\"elementor-row\">\n\t\t\t\t\t<div class=\"has_eae_slider elementor-column elementor-col-100 elementor-top-column elementor-element elementor-element-c2d55c7\" data-id=\"c2d55c7\" data-element_type=\"column\">\n\t\t\t<div class=\"elementor-column-wrap elementor-element-populated\">\n\t\t\t\t\t\t\t<div class=\"elementor-widget-wrap\">\n\t\t\t\t\t\t<div class=\"elementor-element elementor-element-44b8840 elementor-widget elementor-widget-text-editor\" data-id=\"44b8840\" data-element_type=\"widget\" data-widget_type=\"text-editor.default\">\n\t\t\t\t<div class=\"elementor-widget-container\">\n\t\t\t<style>\/*! elementor - v3.17.0 - 25-10-2023 *\/\n.elementor-widget-text-editor.elementor-drop-cap-view-stacked .elementor-drop-cap{background-color:#69727d;color:#fff}.elementor-widget-text-editor.elementor-drop-cap-view-framed .elementor-drop-cap{color:#69727d;border:3px solid;background-color:transparent}.elementor-widget-text-editor:not(.elementor-drop-cap-view-default) .elementor-drop-cap{margin-top:8px}.elementor-widget-text-editor:not(.elementor-drop-cap-view-default) .elementor-drop-cap-letter{width:1em;height:1em}.elementor-widget-text-editor .elementor-drop-cap{float:left;text-align:center;line-height:1;font-size:50px}.elementor-widget-text-editor .elementor-drop-cap-letter{display:inline-block}<\/style>\t\t\t\t\t<div class=\"elementor-text-editor elementor-clearfix\">\n\t\t\t\t<h6 data-start=\"79\" data-end=\"401\">Genel Ba\u015fkan\u0131m\u0131z <span class=\"hover:entity-accent entity-underline inline cursor-pointer align-baseline\"><span class=\"whitespace-normal\">Ayd\u0131n Erko\u00e7<\/span><\/span>, KAS\u0130AD\u2019\u0131n \u201cKuzey Ankara\u2019ya De\u011fer Katanlar Onur \u00d6d\u00fcl\u00fc\u201dn\u00fcn Sahibi Oldu<\/h6><p data-start=\"79\" data-end=\"401\">Genel Ba\u015fkan\u0131m\u0131z Say\u0131n <span class=\"hover:entity-accent entity-underline inline cursor-pointer align-baseline\"><span class=\"whitespace-normal\">Ayd\u0131n Erko\u00e7<\/span><\/span>, Kuzey Ankara\u2019ya de\u011fer katan \u00e7al\u0131\u015fmalar\u0131 dolay\u0131s\u0131yla <span class=\"hover:entity-accent entity-underline inline cursor-pointer align-baseline\"><span class=\"whitespace-normal\">Kuzey Ankara \u0130\u015f \u0130nsanlar\u0131 Derne\u011fi<\/span><\/span> (KAS\u0130AD) taraf\u0131ndan verilen \u201cKuzey Ankara\u2019ya De\u011fer Katanlar Onur \u00d6d\u00fcl\u00fc\u201dne lay\u0131k g\u00f6r\u00fcld\u00fc. Say\u0131n Erko\u00e7, 7 ayr\u0131 kategoride tek isim olarak bu anlaml\u0131 \u00f6d\u00fcl\u00fcn sahibi oldu.<\/p><p data-start=\"403\" data-end=\"620\">Programa kat\u0131lamayan Genel Ba\u015fkan\u0131m\u0131z Say\u0131n <span class=\"hover:entity-accent entity-underline inline cursor-pointer align-baseline\"><span class=\"whitespace-normal\">Ayd\u0131n Erko\u00e7<\/span><\/span> ad\u0131na \u00f6d\u00fcl, Ba\u015fkan Yard\u0131mc\u0131m\u0131z ve MASFED Tahkim Kurulu Ba\u015fkan\u0131m\u0131z Say\u0131n <span class=\"hover:entity-accent entity-underline inline cursor-pointer align-baseline\"><span class=\"whitespace-normal\">Salih K\u0131l\u0131n\u00e7<\/span><\/span> taraf\u0131ndan teslim al\u0131nd\u0131.<\/p><p data-start=\"622\" data-end=\"814\">Kuzey Ankara\u2019ya de\u011fer katan \u00e7al\u0131\u015fmalar\u0131 dolay\u0131s\u0131yla verilen bu anlaml\u0131 \u00f6d\u00fcl i\u00e7in <span class=\"hover:entity-accent entity-underline inline cursor-pointer align-baseline\"><span class=\"whitespace-normal\">Kuzey Ankara \u0130\u015f \u0130nsanlar\u0131 Derne\u011fi<\/span><\/span> (KAS\u0130AD) y\u00f6netimine ve eme\u011fi ge\u00e7en t\u00fcm ki\u015fi ve kurumlara te\u015fekk\u00fcr ederiz.<\/p>\t\t\t\t\t<\/div>\n\t\t\t\t\t\t<\/div>\n\t\t\t\t<\/div>\n\t\t\t\t\t\t<\/div>\n\t\t\t\t\t<\/div>\n\t\t<\/div>\n\t\t\t\t\t\t\t\t<\/div>\n\t\t\t\t\t<\/div>\n\t\t<\/section>\n\t\t\t\t<section class=\"has_eae_slider elementor-section elementor-top-section elementor-element elementor-element-f24896a elementor-section-boxed elementor-section-height-default elementor-section-height-default\" data-id=\"f24896a\" data-element_type=\"section\">\n\t\t\t\t\t\t<div class=\"elementor-container elementor-column-gap-default\">\n\t\t\t\t\t\t\t<div class=\"elementor-row\">\n\t\t\t\t\t<div class=\"has_eae_slider elementor-column elementor-col-100 elementor-top-column elementor-element elementor-element-a58fa5f\" data-id=\"a58fa5f\" data-element_type=\"column\">\n\t\t\t<div class=\"elementor-column-wrap elementor-element-populated\">\n\t\t\t\t\t\t\t<div class=\"elementor-widget-wrap\">\n\t\t\t\t\t\t<div class=\"elementor-element elementor-element-22ba910 elementor-widget elementor-widget-video\" data-id=\"22ba910\" data-element_type=\"widget\" data-settings=\"{&quot;youtube_url&quot;:&quot;https:\\\/\\\/www.youtube.com\\\/watch?v=oLu7askODRg&quot;,&quot;video_type&quot;:&quot;youtube&quot;,&quot;controls&quot;:&quot;yes&quot;}\" data-widget_type=\"video.default\">\n\t\t\t\t<div class=\"elementor-widget-container\">\n\t\t\t<style>\/*! elementor - v3.17.0 - 25-10-2023 *\/\n.elementor-widget-video .elementor-widget-container{overflow:hidden;transform:translateZ(0)}.elementor-widget-video .elementor-wrapper{aspect-ratio:var(--video-aspect-ratio)}.elementor-widget-video .elementor-wrapper iframe,.elementor-widget-video .elementor-wrapper video{height:100%;width:100%;display:flex;border:none;background-color:#000}@supports not (aspect-ratio:1\/1){.elementor-widget-video .elementor-wrapper{position:relative;overflow:hidden;height:0;padding-bottom:calc(100% \/ var(--video-aspect-ratio))}.elementor-widget-video .elementor-wrapper iframe,.elementor-widget-video .elementor-wrapper video{position:absolute;top:0;right:0;bottom:0;left:0}}.elementor-widget-video .elementor-open-inline .elementor-custom-embed-image-overlay{position:absolute;top:0;right:0;bottom:0;left:0;background-size:cover;background-position:50%}.elementor-widget-video .elementor-custom-embed-image-overlay{cursor:pointer;text-align:center}.elementor-widget-video .elementor-custom-embed-image-overlay:hover .elementor-custom-embed-play i{opacity:1}.elementor-widget-video .elementor-custom-embed-image-overlay img{display:block;width:100%;aspect-ratio:var(--video-aspect-ratio);-o-object-fit:cover;object-fit:cover;-o-object-position:center center;object-position:center center}@supports not (aspect-ratio:1\/1){.elementor-widget-video .elementor-custom-embed-image-overlay{position:relative;overflow:hidden;height:0;padding-bottom:calc(100% \/ var(--video-aspect-ratio))}.elementor-widget-video .elementor-custom-embed-image-overlay img{position:absolute;top:0;right:0;bottom:0;left:0}}.elementor-widget-video .e-hosted-video .elementor-video{-o-object-fit:cover;object-fit:cover}.e-con-inner>.elementor-widget-video,.e-con>.elementor-widget-video{width:var(--container-widget-width);--flex-grow:var(--container-widget-flex-grow)}<\/style>\t\t<div class=\"elementor-wrapper elementor-open-inline\">\n\t\t\t<div class=\"elementor-video\"><\/div>\t\t<\/div>\n\t\t\t\t<\/div>\n\t\t\t\t<\/div>\n\t\t\t\t\t\t<\/div>\n\t\t\t\t\t<\/div>\n\t\t<\/div>\n\t\t\t\t\t\t\t\t<\/div>\n\t\t\t\t\t<\/div>\n\t\t<\/section>\n\t\t\t\t<section class=\"has_eae_slider elementor-section elementor-top-section elementor-element elementor-element-f80cdc5 elementor-section-boxed elementor-section-height-default elementor-section-height-default\" data-id=\"f80cdc5\" data-element_type=\"section\">\n\t\t\t\t\t\t<div class=\"elementor-container elementor-column-gap-default\">\n\t\t\t\t\t\t\t<div class=\"elementor-row\">\n\t\t\t\t\t<div class=\"has_eae_slider elementor-column elementor-col-100 elementor-top-column elementor-element elementor-element-80ad6e9\" data-id=\"80ad6e9\" data-element_type=\"column\">\n\t\t\t<div class=\"elementor-column-wrap\">\n\t\t\t\t\t\t\t<div class=\"elementor-widget-wrap\">\n\t\t\t\t\t\t\t\t<\/div>\n\t\t\t\t\t<\/div>\n\t\t<\/div>\n\t\t\t\t\t\t\t\t<\/div>\n\t\t\t\t\t<\/div>\n\t\t<\/section>\n\t\t\t\t<section class=\"has_eae_slider elementor-section elementor-top-section elementor-element elementor-element-3e0548e elementor-section-boxed elementor-section-height-default elementor-section-height-default\" data-id=\"3e0548e\" data-element_type=\"section\">\n\t\t\t\t\t\t<div class=\"elementor-container elementor-column-gap-default\">\n\t\t\t\t\t\t\t<div class=\"elementor-row\">\n\t\t\t\t\t<div class=\"has_eae_slider elementor-column elementor-col-100 elementor-top-column elementor-element elementor-element-b422e09\" data-id=\"b422e09\" data-element_type=\"column\">\n\t\t\t<div class=\"elementor-column-wrap elementor-element-populated\">\n\t\t\t\t\t\t\t<div class=\"elementor-widget-wrap\">\n\t\t\t\t\t\t<div class=\"elementor-element elementor-element-4b3e6b1 elementor-widget elementor-widget-image\" data-id=\"4b3e6b1\" data-element_type=\"widget\" data-widget_type=\"image.default\">\n\t\t\t\t<div class=\"elementor-widget-container\">\n\t\t\t<style>\/*! elementor - v3.17.0 - 25-10-2023 *\/\n.elementor-widget-image{text-align:center}.elementor-widget-image a{display:inline-block}.elementor-widget-image a img[src$=\".svg\"]{width:48px}.elementor-widget-image img{vertical-align:middle;display:inline-block}<\/style>\t\t\t\t\t<div class=\"elementor-image\">\n\t\t\t\t\t\t\t\t\t\t\t\t<img decoding=\"async\" width=\"640\" height=\"480\" src=\"https:\/\/masfed.com.tr\/wp-content\/uploads\/2026\/03\/AB2BB2D0-C39B-4191-BEC3-894F307C42E1_1_201_a-1024x768.jpeg\" class=\"attachment-large size-large wp-image-9614\" alt=\"\" loading=\"lazy\" srcset=\"https:\/\/masfed.com.tr\/wp-content\/uploads\/2026\/03\/AB2BB2D0-C39B-4191-BEC3-894F307C42E1_1_201_a-1024x768.jpeg 1024w, https:\/\/masfed.com.tr\/wp-content\/uploads\/2026\/03\/AB2BB2D0-C39B-4191-BEC3-894F307C42E1_1_201_a-300x225.jpeg 300w, https:\/\/masfed.com.tr\/wp-content\/uploads\/2026\/03\/AB2BB2D0-C39B-4191-BEC3-894F307C42E1_1_201_a-768x576.jpeg 768w, https:\/\/masfed.com.tr\/wp-content\/uploads\/2026\/03\/AB2BB2D0-C39B-4191-BEC3-894F307C42E1_1_201_a-1536x1152.jpeg 1536w, https:\/\/masfed.com.tr\/wp-content\/uploads\/2026\/03\/AB2BB2D0-C39B-4191-BEC3-894F307C42E1_1_201_a-2048x1536.jpeg 2048w\" sizes=\"(max-width: 640px) 100vw, 640px\" \/>\t\t\t\t\t\t\t\t\t\t\t\t\t\t<\/div>\n\t\t\t\t\t\t<\/div>\n\t\t\t\t<\/div>\n\t\t\t\t\t\t<\/div>\n\t\t\t\t\t<\/div>\n\t\t<\/div>\n\t\t\t\t\t\t\t\t<\/div>\n\t\t\t\t\t<\/div>\n\t\t<\/section>\n\t\t\t\t\t\t\t\t\t<\/div>\n\t\t\t<\/div>\n\t\t\t\t\t<\/div>\n\t\t","protected":false},"excerpt":{"rendered":"<p>Genel Ba\u015fkan\u0131m\u0131z Ayd\u0131n Erko\u00e7, KAS\u0130AD\u2019\u0131n \u201cKuzey Ankara\u2019ya De\u011fer Katanlar Onur \u00d6d\u00fcl\u00fc\u201dn\u00fcn Sahibi Oldu Genel Ba\u015fkan\u0131m\u0131z Say\u0131n Ayd\u0131n Erko\u00e7, Kuzey Ankara\u2019ya de\u011fer katan \u00e7al\u0131\u015fmalar\u0131 dolay\u0131s\u0131yla Kuzey Ankara \u0130\u015f \u0130nsanlar\u0131 Derne\u011fi (KAS\u0130AD) taraf\u0131ndan verilen \u201cKuzey Ankara\u2019ya De\u011fer Katanlar Onur \u00d6d\u00fcl\u00fc\u201dne lay\u0131k g\u00f6r\u00fcld\u00fc. Say\u0131n Erko\u00e7, 7 ayr\u0131 kategoride tek isim olarak bu anlaml\u0131 \u00f6d\u00fcl\u00fcn sahibi oldu. Programa kat\u0131lamayan [&hellip;]<\/p>\n","protected":false},"author":1,"featured_media":9614,"comment_status":"open","ping_status":"open","sticky":false,"template":"","format":"standard","meta":{"ngg_post_thumbnail":0},"categories":[1],"tags":[],"yoast_head":"<!-- This site is optimized with the Yoast SEO plugin v21.6 - https:\/\/yoast.com\/wordpress\/plugins\/seo\/ -->\n<title>Kuzey Ankara \u0130\u015f \u0130nsanlar\u0131 Derne\u011fi\u2019nden Genel Ba\u015fkan\u0131m\u0131z Ayd\u0131n Erko\u00e7\u2019a Anlaml\u0131 \u00d6d\u00fcl - Motorlu Ara\u00e7 Sat\u0131c\u0131lar\u0131 Federasyonu MASFED<\/title>\n<meta name=\"robots\" content=\"index, follow, max-snippet:-1, max-image-preview:large, max-video-preview:-1\" \/>\n<link rel=\"canonical\" href=\"https:\/\/masfed.com.tr\/?p=9613\" \/>\n<meta property=\"og:locale\" content=\"tr_TR\" \/>\n<meta property=\"og:type\" content=\"article\" \/>\n<meta property=\"og:title\" content=\"Kuzey Ankara \u0130\u015f \u0130nsanlar\u0131 Derne\u011fi\u2019nden Genel Ba\u015fkan\u0131m\u0131z Ayd\u0131n Erko\u00e7\u2019a Anlaml\u0131 \u00d6d\u00fcl - Motorlu Ara\u00e7 Sat\u0131c\u0131lar\u0131 Federasyonu MASFED\" \/>\n<meta property=\"og:description\" content=\"Genel Ba\u015fkan\u0131m\u0131z Ayd\u0131n Erko\u00e7, KAS\u0130AD\u2019\u0131n \u201cKuzey Ankara\u2019ya De\u011fer Katanlar Onur \u00d6d\u00fcl\u00fc\u201dn\u00fcn Sahibi Oldu Genel Ba\u015fkan\u0131m\u0131z Say\u0131n Ayd\u0131n Erko\u00e7, Kuzey Ankara\u2019ya de\u011fer katan \u00e7al\u0131\u015fmalar\u0131 dolay\u0131s\u0131yla Kuzey Ankara \u0130\u015f \u0130nsanlar\u0131 Derne\u011fi (KAS\u0130AD) taraf\u0131ndan verilen \u201cKuzey Ankara\u2019ya De\u011fer Katanlar Onur \u00d6d\u00fcl\u00fc\u201dne lay\u0131k g\u00f6r\u00fcld\u00fc. Say\u0131n Erko\u00e7, 7 ayr\u0131 kategoride tek isim olarak bu anlaml\u0131 \u00f6d\u00fcl\u00fcn sahibi oldu. Programa kat\u0131lamayan [&hellip;]\" \/>\n<meta property=\"og:url\" content=\"https:\/\/masfed.com.tr\/?p=9613\" \/>\n<meta property=\"og:site_name\" content=\"Motorlu Ara\u00e7 Sat\u0131c\u0131lar\u0131 Federasyonu MASFED\" \/>\n<meta property=\"article:publisher\" content=\"https:\/\/www.facebook.com\/MASFED2010\/\" \/>\n<meta property=\"article:published_time\" content=\"2026-03-12T10:26:53+00:00\" \/>\n<meta property=\"article:modified_time\" content=\"2026-03-12T10:26:57+00:00\" \/>\n<meta property=\"og:image\" content=\"https:\/\/masfed.com.tr\/wp-content\/uploads\/2026\/03\/AB2BB2D0-C39B-4191-BEC3-894F307C42E1_1_201_a-scaled.jpeg\" \/>\n\t<meta property=\"og:image:width\" content=\"2560\" \/>\n\t<meta property=\"og:image:height\" content=\"1920\" \/>\n\t<meta property=\"og:image:type\" content=\"image\/jpeg\" \/>\n<meta name=\"author\" content=\"wpadmin\" \/>\n<meta name=\"twitter:card\" content=\"summary_large_image\" \/>\n<meta name=\"twitter:creator\" content=\"@Masfed2010\" \/>\n<meta name=\"twitter:site\" content=\"@Masfed2010\" \/>\n<meta name=\"twitter:label1\" content=\"Yazan:\" \/>\n\t<meta name=\"twitter:data1\" content=\"wpadmin\" \/>\n\t<meta name=\"twitter:label2\" content=\"Tahmini okuma s\u00fcresi\" \/>\n\t<meta name=\"twitter:data2\" content=\"1 dakika\" \/>\n<script type=\"application\/ld+json\" class=\"yoast-schema-graph\">{\"@context\":\"https:\/\/schema.org\",\"@graph\":[{\"@type\":\"Article\",\"@id\":\"https:\/\/masfed.com.tr\/?p=9613#article\",\"isPartOf\":{\"@id\":\"https:\/\/masfed.com.tr\/?p=9613\"},\"author\":{\"name\":\"wpadmin\",\"@id\":\"https:\/\/masfed.com.tr\/#\/schema\/person\/1880cff73f6d4903b879619c8acb45c0\"},\"headline\":\"Kuzey Ankara \u0130\u015f \u0130nsanlar\u0131 Derne\u011fi\u2019nden Genel Ba\u015fkan\u0131m\u0131z Ayd\u0131n Erko\u00e7\u2019a Anlaml\u0131 \u00d6d\u00fcl\",\"datePublished\":\"2026-03-12T10:26:53+00:00\",\"dateModified\":\"2026-03-12T10:26:57+00:00\",\"mainEntityOfPage\":{\"@id\":\"https:\/\/masfed.com.tr\/?p=9613\"},\"wordCount\":195,\"commentCount\":0,\"publisher\":{\"@id\":\"https:\/\/masfed.com.tr\/#organization\"},\"articleSection\":[\"Haberler\"],\"inLanguage\":\"tr\",\"potentialAction\":[{\"@type\":\"CommentAction\",\"name\":\"Comment\",\"target\":[\"https:\/\/masfed.com.tr\/?p=9613#respond\"]}]},{\"@type\":\"WebPage\",\"@id\":\"https:\/\/masfed.com.tr\/?p=9613\",\"url\":\"https:\/\/masfed.com.tr\/?p=9613\",\"name\":\"Kuzey Ankara \u0130\u015f \u0130nsanlar\u0131 Derne\u011fi\u2019nden Genel Ba\u015fkan\u0131m\u0131z Ayd\u0131n Erko\u00e7\u2019a Anlaml\u0131 \u00d6d\u00fcl - Motorlu Ara\u00e7 Sat\u0131c\u0131lar\u0131 Federasyonu MASFED\",\"isPartOf\":{\"@id\":\"https:\/\/masfed.com.tr\/#website\"},\"datePublished\":\"2026-03-12T10:26:53+00:00\",\"dateModified\":\"2026-03-12T10:26:57+00:00\",\"breadcrumb\":{\"@id\":\"https:\/\/masfed.com.tr\/?p=9613#breadcrumb\"},\"inLanguage\":\"tr\",\"potentialAction\":[{\"@type\":\"ReadAction\",\"target\":[\"https:\/\/masfed.com.tr\/?p=9613\"]}]},{\"@type\":\"BreadcrumbList\",\"@id\":\"https:\/\/masfed.com.tr\/?p=9613#breadcrumb\",\"itemListElement\":[{\"@type\":\"ListItem\",\"position\":1,\"name\":\"Anasayfa\",\"item\":\"https:\/\/masfed.com.tr\/\"},{\"@type\":\"ListItem\",\"position\":2,\"name\":\"Kuzey Ankara \u0130\u015f \u0130nsanlar\u0131 Derne\u011fi\u2019nden Genel Ba\u015fkan\u0131m\u0131z Ayd\u0131n Erko\u00e7\u2019a Anlaml\u0131 \u00d6d\u00fcl\"}]},{\"@type\":\"WebSite\",\"@id\":\"https:\/\/masfed.com.tr\/#website\",\"url\":\"https:\/\/masfed.com.tr\/\",\"name\":\"Motorlu Ara\u00e7 Sat\u0131c\u0131lar\u0131 Federasyonu MASFED\",\"description\":\"\u0130K\u0130NC\u0130 EL OTOMOB\u0130L ALIM-SATIMI YAPAN \u0130K\u0130NC\u0130 EL MOTORLU ARA\u00c7 SATICI KURULU\u015eLARININ TOPLUMUMUZDA VE EKONOM\u0130K FAAL\u0130YETLER\u0130M\u0130ZDE TA\u015eIDI\u011eI \u00d6NEM\u0130N B\u0130L\u0130NC\u0130 \u0130LE MASFED OLARAK \u00dcLKEM\u0130Z, EKONOM\u0130M\u0130Z VE SEKT\u00d6R\u00dcM\u00dcZ \u0130\u00c7\u0130N GEREKL\u0130 OLAN T\u00dcM \u0130MKANLARIMIZ \u0130LE \u00c7ALI\u015eMALARIMIZI, DE\u011eERL\u0130 \u00dcYELER\u0130M\u0130Z\u0130N DE KATILIMLARI \u0130LE S\u00dcRD\u00dcRMEKTEY\u0130Z.\",\"publisher\":{\"@id\":\"https:\/\/masfed.com.tr\/#organization\"},\"potentialAction\":[{\"@type\":\"SearchAction\",\"target\":{\"@type\":\"EntryPoint\",\"urlTemplate\":\"https:\/\/masfed.com.tr\/?s={search_term_string}\"},\"query-input\":\"required name=search_term_string\"}],\"inLanguage\":\"tr\"},{\"@type\":\"Organization\",\"@id\":\"https:\/\/masfed.com.tr\/#organization\",\"name\":\"Motorlu Ara\u00e7 Sat\u0131c\u0131lar\u0131 Federasyonu MASFED\",\"url\":\"https:\/\/masfed.com.tr\/\",\"logo\":{\"@type\":\"ImageObject\",\"inLanguage\":\"tr\",\"@id\":\"https:\/\/masfed.com.tr\/#\/schema\/logo\/image\/\",\"url\":\"https:\/\/masfed.com.tr\/wp-content\/uploads\/2022\/06\/Logo-1.png\",\"contentUrl\":\"https:\/\/masfed.com.tr\/wp-content\/uploads\/2022\/06\/Logo-1.png\",\"width\":863,\"height\":253,\"caption\":\"Motorlu Ara\u00e7 Sat\u0131c\u0131lar\u0131 Federasyonu MASFED\"},\"image\":{\"@id\":\"https:\/\/masfed.com.tr\/#\/schema\/logo\/image\/\"},\"sameAs\":[\"https:\/\/www.facebook.com\/MASFED2010\/\",\"https:\/\/twitter.com\/Masfed2010\",\"https:\/\/www.instagram.com\/masfed.tr\/\",\"https:\/\/www.youtube.com\/channel\/UCOtDLDga6aa9woc5Yk8Rdig\"]},{\"@type\":\"Person\",\"@id\":\"https:\/\/masfed.com.tr\/#\/schema\/person\/1880cff73f6d4903b879619c8acb45c0\",\"name\":\"wpadmin\",\"image\":{\"@type\":\"ImageObject\",\"inLanguage\":\"tr\",\"@id\":\"https:\/\/masfed.com.tr\/#\/schema\/person\/image\/\",\"url\":\"https:\/\/secure.gravatar.com\/avatar\/0f5b0f62a9a2f7c700e5dd98e232f878?s=96&d=mm&r=g\",\"contentUrl\":\"https:\/\/secure.gravatar.com\/avatar\/0f5b0f62a9a2f7c700e5dd98e232f878?s=96&d=mm&r=g\",\"caption\":\"wpadmin\"},\"sameAs\":[\"https:\/\/masfed.com.tr\"],\"url\":\"https:\/\/masfed.com.tr\/?author=1\"}]}<\/script>\n<!-- \/ Yoast SEO plugin. -->","yoast_head_json":{"title":"Kuzey Ankara \u0130\u015f \u0130nsanlar\u0131 Derne\u011fi\u2019nden Genel Ba\u015fkan\u0131m\u0131z Ayd\u0131n Erko\u00e7\u2019a Anlaml\u0131 \u00d6d\u00fcl - Motorlu Ara\u00e7 Sat\u0131c\u0131lar\u0131 Federasyonu MASFED","robots":{"index":"index","follow":"follow","max-snippet":"max-snippet:-1","max-image-preview":"max-image-preview:large","max-video-preview":"max-video-preview:-1"},"canonical":"https:\/\/masfed.com.tr\/?p=9613","og_locale":"tr_TR","og_type":"article","og_title":"Kuzey Ankara \u0130\u015f \u0130nsanlar\u0131 Derne\u011fi\u2019nden Genel Ba\u015fkan\u0131m\u0131z Ayd\u0131n Erko\u00e7\u2019a Anlaml\u0131 \u00d6d\u00fcl - Motorlu Ara\u00e7 Sat\u0131c\u0131lar\u0131 Federasyonu MASFED","og_description":"Genel Ba\u015fkan\u0131m\u0131z Ayd\u0131n Erko\u00e7, KAS\u0130AD\u2019\u0131n \u201cKuzey Ankara\u2019ya De\u011fer Katanlar Onur \u00d6d\u00fcl\u00fc\u201dn\u00fcn Sahibi Oldu Genel Ba\u015fkan\u0131m\u0131z Say\u0131n Ayd\u0131n Erko\u00e7, Kuzey Ankara\u2019ya de\u011fer katan \u00e7al\u0131\u015fmalar\u0131 dolay\u0131s\u0131yla Kuzey Ankara \u0130\u015f \u0130nsanlar\u0131 Derne\u011fi (KAS\u0130AD) taraf\u0131ndan verilen \u201cKuzey Ankara\u2019ya De\u011fer Katanlar Onur \u00d6d\u00fcl\u00fc\u201dne lay\u0131k g\u00f6r\u00fcld\u00fc. Say\u0131n Erko\u00e7, 7 ayr\u0131 kategoride tek isim olarak bu anlaml\u0131 \u00f6d\u00fcl\u00fcn sahibi oldu. Programa kat\u0131lamayan [&hellip;]","og_url":"https:\/\/masfed.com.tr\/?p=9613","og_site_name":"Motorlu Ara\u00e7 Sat\u0131c\u0131lar\u0131 Federasyonu MASFED","article_publisher":"https:\/\/www.facebook.com\/MASFED2010\/","article_published_time":"2026-03-12T10:26:53+00:00","article_modified_time":"2026-03-12T10:26:57+00:00","og_image":[{"width":2560,"height":1920,"url":"https:\/\/masfed.com.tr\/wp-content\/uploads\/2026\/03\/AB2BB2D0-C39B-4191-BEC3-894F307C42E1_1_201_a-scaled.jpeg","type":"image\/jpeg"}],"author":"wpadmin","twitter_card":"summary_large_image","twitter_creator":"@Masfed2010","twitter_site":"@Masfed2010","twitter_misc":{"Yazan:":"wpadmin","Tahmini okuma s\u00fcresi":"1 dakika"},"schema":{"@context":"https:\/\/schema.org","@graph":[{"@type":"Article","@id":"https:\/\/masfed.com.tr\/?p=9613#article","isPartOf":{"@id":"https:\/\/masfed.com.tr\/?p=9613"},"author":{"name":"wpadmin","@id":"https:\/\/masfed.com.tr\/#\/schema\/person\/1880cff73f6d4903b879619c8acb45c0"},"headline":"Kuzey Ankara \u0130\u015f \u0130nsanlar\u0131 Derne\u011fi\u2019nden Genel Ba\u015fkan\u0131m\u0131z Ayd\u0131n Erko\u00e7\u2019a Anlaml\u0131 \u00d6d\u00fcl","datePublished":"2026-03-12T10:26:53+00:00","dateModified":"2026-03-12T10:26:57+00:00","mainEntityOfPage":{"@id":"https:\/\/masfed.com.tr\/?p=9613"},"wordCount":195,"commentCount":0,"publisher":{"@id":"https:\/\/masfed.com.tr\/#organization"},"articleSection":["Haberler"],"inLanguage":"tr","potentialAction":[{"@type":"CommentAction","name":"Comment","target":["https:\/\/masfed.com.tr\/?p=9613#respond"]}]},{"@type":"WebPage","@id":"https:\/\/masfed.com.tr\/?p=9613","url":"https:\/\/masfed.com.tr\/?p=9613","name":"Kuzey Ankara \u0130\u015f \u0130nsanlar\u0131 Derne\u011fi\u2019nden Genel Ba\u015fkan\u0131m\u0131z Ayd\u0131n Erko\u00e7\u2019a Anlaml\u0131 \u00d6d\u00fcl - Motorlu Ara\u00e7 Sat\u0131c\u0131lar\u0131 Federasyonu MASFED","isPartOf":{"@id":"https:\/\/masfed.com.tr\/#website"},"datePublished":"2026-03-12T10:26:53+00:00","dateModified":"2026-03-12T10:26:57+00:00","breadcrumb":{"@id":"https:\/\/masfed.com.tr\/?p=9613#breadcrumb"},"inLanguage":"tr","potentialAction":[{"@type":"ReadAction","target":["https:\/\/masfed.com.tr\/?p=9613"]}]},{"@type":"BreadcrumbList","@id":"https:\/\/masfed.com.tr\/?p=9613#breadcrumb","itemListElement":[{"@type":"ListItem","position":1,"name":"Anasayfa","item":"https:\/\/masfed.com.tr\/"},{"@type":"ListItem","position":2,"name":"Kuzey Ankara \u0130\u015f \u0130nsanlar\u0131 Derne\u011fi\u2019nden Genel Ba\u015fkan\u0131m\u0131z Ayd\u0131n Erko\u00e7\u2019a Anlaml\u0131 \u00d6d\u00fcl"}]},{"@type":"WebSite","@id":"https:\/\/masfed.com.tr\/#website","url":"https:\/\/masfed.com.tr\/","name":"Motorlu Ara\u00e7 Sat\u0131c\u0131lar\u0131 Federasyonu MASFED","description":"\u0130K\u0130NC\u0130 EL OTOMOB\u0130L ALIM-SATIMI YAPAN \u0130K\u0130NC\u0130 EL MOTORLU ARA\u00c7 SATICI KURULU\u015eLARININ TOPLUMUMUZDA VE EKONOM\u0130K FAAL\u0130YETLER\u0130M\u0130ZDE TA\u015eIDI\u011eI \u00d6NEM\u0130N B\u0130L\u0130NC\u0130 \u0130LE MASFED OLARAK \u00dcLKEM\u0130Z, EKONOM\u0130M\u0130Z VE SEKT\u00d6R\u00dcM\u00dcZ \u0130\u00c7\u0130N GEREKL\u0130 OLAN T\u00dcM \u0130MKANLARIMIZ \u0130LE \u00c7ALI\u015eMALARIMIZI, DE\u011eERL\u0130 \u00dcYELER\u0130M\u0130Z\u0130N DE KATILIMLARI \u0130LE S\u00dcRD\u00dcRMEKTEY\u0130Z.","publisher":{"@id":"https:\/\/masfed.com.tr\/#organization"},"potentialAction":[{"@type":"SearchAction","target":{"@type":"EntryPoint","urlTemplate":"https:\/\/masfed.com.tr\/?s={search_term_string}"},"query-input":"required name=search_term_string"}],"inLanguage":"tr"},{"@type":"Organization","@id":"https:\/\/masfed.com.tr\/#organization","name":"Motorlu Ara\u00e7 Sat\u0131c\u0131lar\u0131 Federasyonu MASFED","url":"https:\/\/masfed.com.tr\/","logo":{"@type":"ImageObject","inLanguage":"tr","@id":"https:\/\/masfed.com.tr\/#\/schema\/logo\/image\/","url":"https:\/\/masfed.com.tr\/wp-content\/uploads\/2022\/06\/Logo-1.png","contentUrl":"https:\/\/masfed.com.tr\/wp-content\/uploads\/2022\/06\/Logo-1.png","width":863,"height":253,"caption":"Motorlu Ara\u00e7 Sat\u0131c\u0131lar\u0131 Federasyonu MASFED"},"image":{"@id":"https:\/\/masfed.com.tr\/#\/schema\/logo\/image\/"},"sameAs":["https:\/\/www.facebook.com\/MASFED2010\/","https:\/\/twitter.com\/Masfed2010","https:\/\/www.instagram.com\/masfed.tr\/","https:\/\/www.youtube.com\/channel\/UCOtDLDga6aa9woc5Yk8Rdig"]},{"@type":"Person","@id":"https:\/\/masfed.com.tr\/#\/schema\/person\/1880cff73f6d4903b879619c8acb45c0","name":"wpadmin","image":{"@type":"ImageObject","inLanguage":"tr","@id":"https:\/\/masfed.com.tr\/#\/schema\/person\/image\/","url":"https:\/\/secure.gravatar.com\/avatar\/0f5b0f62a9a2f7c700e5dd98e232f878?s=96&d=mm&r=g","contentUrl":"https:\/\/secure.gravatar.com\/avatar\/0f5b0f62a9a2f7c700e5dd98e232f878?s=96&d=mm&r=g","caption":"wpadmin"},"sameAs":["https:\/\/masfed.com.tr"],"url":"https:\/\/masfed.com.tr\/?author=1"}]}},"_links":{"self":[{"href":"https:\/\/masfed.com.tr\/index.php?rest_route=\/wp\/v2\/posts\/9613"}],"collection":[{"href":"https:\/\/masfed.com.tr\/index.php?rest_route=\/wp\/v2\/posts"}],"about":[{"href":"https:\/\/masfed.com.tr\/index.php?rest_route=\/wp\/v2\/types\/post"}],"author":[{"embeddable":true,"href":"https:\/\/masfed.com.tr\/index.php?rest_route=\/wp\/v2\/users\/1"}],"replies":[{"embeddable":true,"href":"https:\/\/masfed.com.tr\/index.php?rest_route=%2Fwp%2Fv2%2Fcomments&post=9613"}],"version-history":[{"count":4,"href":"https:\/\/masfed.com.tr\/index.php?rest_route=\/wp\/v2\/posts\/9613\/revisions"}],"predecessor-version":[{"id":9618,"href":"https:\/\/masfed.com.tr\/index.php?rest_route=\/wp\/v2\/posts\/9613\/revisions\/9618"}],"wp:featuredmedia":[{"embeddable":true,"href":"https:\/\/masfed.com.tr\/index.php?rest_route=\/wp\/v2\/media\/9614"}],"wp:attachment":[{"href":"https:\/\/masfed.com.tr\/index.php?rest_route=%2Fwp%2Fv2%2Fmedia&parent=9613"}],"wp:term":[{"taxonomy":"category","embeddable":true,"href":"https:\/\/masfed.com.tr\/index.php?rest_route=%2Fwp%2Fv2%2Fcategories&post=9613"},{"taxonomy":"post_tag","embeddable":true,"href":"https:\/\/masfed.com.tr\/index.php?rest_route=%2Fwp%2Fv2%2Ftags&post=9613"}],"curies":[{"name":"wp","href":"https:\/\/api.w.org\/{rel}","templated":true}]}}